{"id":15892,"date":"2014-12-31T11:01:39","date_gmt":"2014-12-31T09:01:39","guid":{"rendered":"http:\/\/www.debatrix.com\/nl\/?p=15892"},"modified":"2017-03-27T14:49:36","modified_gmt":"2017-03-27T12:49:36","slug":"retorische-analyse-minder-minder-minder-speech-geert-wilders","status":"publish","type":"post","link":"https:\/\/www.debatrix.com\/nl\/2014\/12\/retorische-analyse-minder-minder-minder-speech-geert-wilders\/","title":{"rendered":"Retorische analyse: &#8220;Minder, minder, minder&#8221;-speech Geert Wilders"},"content":{"rendered":"<p><img decoding=\"async\" src=\"https:\/\/www.debatrix.com\/nl\/wp-content\/uploads\/2014\/12\/geert-wilders-minder-200.jpg\" alt=\"Geert Wilders\" width=\"200\" height=\"150\" class=\"alignright size-full wp-image-15894\" \/>&#8220;Willen jullie in deze stad en in Nederland m\u00e9\u00e9r of minder Marokkanen?&#8221;<br \/>\n&#8220;Minder, minder, minder!\u201d scandeert het publiek.<br \/>\nHet fragment staat direct op je netvlies gebrand: hier gebeurde iets bijzonders. En dat terwijl Geert Wilders dezelfde techniek gebruikt waarmee Trijntje Oosterhuis straks het Eurovisie Songfestival hoopt te winnen.<\/p>\n<p><!--more-->We zijn namelijk biologisch geprogrammeerd om veel plezier te halen uit het herkennen en afmaken van patronen. Het is waarom we graag naar muziek luisteren. Een goed liedje slaagt erin om jou in korte tijd het refrein te laten herkennen en te laten meeneuri\u00ebn of zelfs -zingen. Pas dan voel je je echt betrokken bij de muziek.<\/p>\n<h3>Refrein<\/h3>\n<p>Op deze historische avond leidt Wilders zijn publiek zorgvuldig richting een climax. Hij vraagt eerst of z\u2019n toehoorders meer of minder Europese Unie willen. Het publiek maakt kennis met het refrein van deze speech: &#8220;Minder, minder, minder!&#8221; Dan vraagt de PVV-leider of z&#8217;n achterban meer of minder Partij van de Arbeid wil. Opnieuw klinkt het refrein. Wat de derde en laatste vraag is, maakt niet eens meer zoveel uit. Het publiek wil weer scanderen!<\/p>\n<p>En zo deed de sfeer tijdens deze politieke bijeenkomst ineens denken aan een aflevering van de Jerry Springer-show. Het kenmerkende &#8220;Jerry, Jerry, Jerry!&#8221; en &#8220;Steve, Steve, Steve!&#8221; had plaatsgemaakt voor een even fanatiek &#8220;Minder, minder, minder!&#8221;<\/p>\n<h3>Saamhorigheid<\/h3>\n<div class=\"pullquote\">Voetbalsupporters weten hoe het samen scanderen leidt tot saamhorigheid.<\/div>\n<p>Voetbalsupporters weten hoe het samen scanderen leidt tot saamhorigheid. Het ritme en de cadans hypnotiseren: even voel je je niet meer alleen jezelf maar onderdeel van een krachtige groep. Niet voor niets is de techniek zo populair onder leiders die hun publiek in vervoering weten te brengen (\u201cYes we can!\u201d).<\/p>\n<p>Of de uitspraak electoraal verstandig was en juridisch door de beugel kan, moet nog blijken. Wilders is in elk geval wel weer langdurig verzekerd van dat schaarse goed waarop hij haast een monopolie lijkt te hebben: aandacht.<\/p>\n<div class='avia-iframe-wrap'><iframe title=\"Geert Wilder, meer of minder Marokkanen ? (19 maart 2014)\" width=\"1500\" height=\"844\" src=\"https:\/\/www.youtube.com\/embed\/0cYhLHNYgEE?feature=oembed\" frameborder=\"0\" allow=\"accelerometer; autoplay; clipboard-write; encrypted-media; gyroscope; picture-in-picture\" allowfullscreen><\/iframe><\/div>\n<h3>Tip<\/h3>\n<p><strong>Kijk uit voor valse dilemma\u2019s.<\/strong> Wilders suggereert immers dat er maar twee uitersten zijn: meer \u00f3f minder Marokkanen. Iedereen die geen voorstander is van m\u00e9\u00e9r Marokkanen, komt daardoor automatisch aan zijn kant te staan. Het is dezelfde techniek die geslepen directeuren wel eens toepassen aan het einde van een net iets te lang durende vergadering, als ze iedereen een simpele keuze voorhouden: het is dit voorstel \u00f3f een doemscenario.<\/p>\n<p>_____<br \/>\n<em>Dit artikel verscheen op 31 december 2014 in nrc.next. <a href=\"https:\/\/www.debatrix.com\/nl\/organisatie\/wie-we-zijn\/lars-duursma\/\">Lars Duursma<\/a> is directeur van trainingsbureau Debatrix. Hij is veelgevraagd spreker en coacht leiders in politiek en bedrijfsleven. [Victor Vlam] is speech- en presentatiecoach. Hij voerde campagne voor president Obama.<\/em><\/p>\n","protected":false},"excerpt":{"rendered":"<p>&#8220;Willen jullie in deze stad en in Nederland m\u00e9\u00e9r of minder Marokkanen?&#8221; &#8220;Minder, minder, minder!\u201d scandeert het publiek. Het fragment staat direct op je netvlies gebrand: hier gebeurde iets bijzonders. En dat terwijl Geert Wilders dezelfde techniek gebruikt waarmee Trijntje Oosterhuis straks het Eurovisie Songfestival hoopt te winnen.<\/p>\n","protected":false},"author":9,"featured_media":0,"comment_status":"open","ping_status":"closed","sticky":false,"template":"","format":"standard","meta":{"footnotes":""},"categories":[404],"tags":[43,991,1198,992,1202,129,145,975,1188],"class_list":["post-15892","post","type-post","status-publish","format-standard","hentry","category-publicaties","tag-geert-wilders","tag-minder","tag-presentatiestructuren","tag-saamhorigheid","tag-spanningsbogen","tag-speech","tag-speechen","tag-speechwriting","tag-zaalinteractie"],"yoast_head":"<!-- This site is optimized with the Yoast SEO Premium plugin v27.0 (Yoast SEO v27.5) - https:\/\/yoast.com\/product\/yoast-seo-premium-wordpress\/ -->\n<title>Retorische analyse: &quot;Minder, minder, minder&quot;-speech Geert Wilders - Debatrix<\/title>\n<meta name=\"robots\" content=\"index, follow, max-snippet:-1, max-image-preview:large, max-video-preview:-1\" \/>\n<link rel=\"canonical\" href=\"https:\/\/www.debatrix.com\/nl\/2014\/12\/retorische-analyse-minder-minder-minder-speech-geert-wilders\/\" \/>\n<meta property=\"og:locale\" content=\"nl_NL\" \/>\n<meta property=\"og:type\" content=\"article\" \/>\n<meta property=\"og:title\" content=\"Retorische analyse: &quot;Minder, minder, minder&quot;-speech Geert Wilders\" \/>\n<meta property=\"og:description\" content=\"&#8220;Willen jullie in deze stad en in Nederland m\u00e9\u00e9r of minder Marokkanen?&#8221; &#8220;Minder, minder, minder!\u201d scandeert het publiek. Het fragment staat direct op je netvlies gebrand: hier gebeurde iets bijzonders. En dat terwijl Geert Wilders dezelfde techniek gebruikt waarmee Trijntje Oosterhuis straks het Eurovisie Songfestival hoopt te winnen.\" \/>\n<meta property=\"og:url\" content=\"https:\/\/www.debatrix.com\/nl\/2014\/12\/retorische-analyse-minder-minder-minder-speech-geert-wilders\/\" \/>\n<meta property=\"og:site_name\" content=\"Debatrix\u00ae Vergroot je overtuigingskracht!\" \/>\n<meta property=\"article:published_time\" content=\"2014-12-31T09:01:39+00:00\" \/>\n<meta property=\"article:modified_time\" content=\"2017-03-27T12:49:36+00:00\" \/>\n<meta property=\"og:image\" content=\"https:\/\/www.debatrix.com\/nl\/wp-content\/uploads\/2021\/11\/Standaard-foto-OTs.png\" \/>\n\t<meta property=\"og:image:width\" content=\"2560\" \/>\n\t<meta property=\"og:image:height\" content=\"2076\" \/>\n\t<meta property=\"og:image:type\" content=\"image\/png\" \/>\n<meta name=\"author\" content=\"Lars Duursma\" \/>\n<meta name=\"twitter:card\" content=\"summary_large_image\" \/>\n<meta name=\"twitter:label1\" content=\"Geschreven door\" \/>\n\t<meta name=\"twitter:data1\" content=\"Lars Duursma\" \/>\n\t<meta name=\"twitter:label2\" content=\"Geschatte leestijd\" \/>\n\t<meta name=\"twitter:data2\" content=\"2 minuten\" \/>\n<script type=\"application\/ld+json\" class=\"yoast-schema-graph\">{\"@context\":\"https:\\\/\\\/schema.org\",\"@graph\":[{\"@type\":\"Article\",\"@id\":\"https:\\\/\\\/www.debatrix.com\\\/nl\\\/2014\\\/12\\\/retorische-analyse-minder-minder-minder-speech-geert-wilders\\\/#article\",\"isPartOf\":{\"@id\":\"https:\\\/\\\/www.debatrix.com\\\/nl\\\/2014\\\/12\\\/retorische-analyse-minder-minder-minder-speech-geert-wilders\\\/\"},\"author\":{\"name\":\"Lars Duursma\",\"@id\":\"https:\\\/\\\/www.debatrix.com\\\/nl\\\/#\\\/schema\\\/person\\\/87ca992f0fe5754b11217905f54054b9\"},\"headline\":\"Retorische analyse: &#8220;Minder, minder, minder&#8221;-speech Geert Wilders\",\"datePublished\":\"2014-12-31T09:01:39+00:00\",\"dateModified\":\"2017-03-27T12:49:36+00:00\",\"mainEntityOfPage\":{\"@id\":\"https:\\\/\\\/www.debatrix.com\\\/nl\\\/2014\\\/12\\\/retorische-analyse-minder-minder-minder-speech-geert-wilders\\\/\"},\"wordCount\":442,\"commentCount\":1,\"image\":{\"@id\":\"https:\\\/\\\/www.debatrix.com\\\/nl\\\/2014\\\/12\\\/retorische-analyse-minder-minder-minder-speech-geert-wilders\\\/#primaryimage\"},\"thumbnailUrl\":\"https:\\\/\\\/www.debatrix.com\\\/nl\\\/wp-content\\\/uploads\\\/2014\\\/12\\\/geert-wilders-minder-200.jpg\",\"keywords\":[\"Geert Wilders\",\"minder\",\"presentatiestructuren\",\"saamhorigheid\",\"spanningsbogen\",\"speech\",\"speechen\",\"speechwriting\",\"zaalinteractie\"],\"articleSection\":[\"Publicaties\"],\"inLanguage\":\"nl-NL\",\"potentialAction\":[{\"@type\":\"CommentAction\",\"name\":\"Comment\",\"target\":[\"https:\\\/\\\/www.debatrix.com\\\/nl\\\/2014\\\/12\\\/retorische-analyse-minder-minder-minder-speech-geert-wilders\\\/#respond\"]}]},{\"@type\":\"WebPage\",\"@id\":\"https:\\\/\\\/www.debatrix.com\\\/nl\\\/2014\\\/12\\\/retorische-analyse-minder-minder-minder-speech-geert-wilders\\\/\",\"url\":\"https:\\\/\\\/www.debatrix.com\\\/nl\\\/2014\\\/12\\\/retorische-analyse-minder-minder-minder-speech-geert-wilders\\\/\",\"name\":\"Retorische analyse: \\\"Minder, minder, minder\\\"-speech Geert Wilders - Debatrix\",\"isPartOf\":{\"@id\":\"https:\\\/\\\/www.debatrix.com\\\/nl\\\/#website\"},\"primaryImageOfPage\":{\"@id\":\"https:\\\/\\\/www.debatrix.com\\\/nl\\\/2014\\\/12\\\/retorische-analyse-minder-minder-minder-speech-geert-wilders\\\/#primaryimage\"},\"image\":{\"@id\":\"https:\\\/\\\/www.debatrix.com\\\/nl\\\/2014\\\/12\\\/retorische-analyse-minder-minder-minder-speech-geert-wilders\\\/#primaryimage\"},\"thumbnailUrl\":\"https:\\\/\\\/www.debatrix.com\\\/nl\\\/wp-content\\\/uploads\\\/2014\\\/12\\\/geert-wilders-minder-200.jpg\",\"datePublished\":\"2014-12-31T09:01:39+00:00\",\"dateModified\":\"2017-03-27T12:49:36+00:00\",\"author\":{\"@id\":\"https:\\\/\\\/www.debatrix.com\\\/nl\\\/#\\\/schema\\\/person\\\/87ca992f0fe5754b11217905f54054b9\"},\"breadcrumb\":{\"@id\":\"https:\\\/\\\/www.debatrix.com\\\/nl\\\/2014\\\/12\\\/retorische-analyse-minder-minder-minder-speech-geert-wilders\\\/#breadcrumb\"},\"inLanguage\":\"nl-NL\",\"potentialAction\":[{\"@type\":\"ReadAction\",\"target\":[\"https:\\\/\\\/www.debatrix.com\\\/nl\\\/2014\\\/12\\\/retorische-analyse-minder-minder-minder-speech-geert-wilders\\\/\"]}]},{\"@type\":\"ImageObject\",\"inLanguage\":\"nl-NL\",\"@id\":\"https:\\\/\\\/www.debatrix.com\\\/nl\\\/2014\\\/12\\\/retorische-analyse-minder-minder-minder-speech-geert-wilders\\\/#primaryimage\",\"url\":\"https:\\\/\\\/www.debatrix.com\\\/nl\\\/wp-content\\\/uploads\\\/2014\\\/12\\\/geert-wilders-minder-200.jpg\",\"contentUrl\":\"https:\\\/\\\/www.debatrix.com\\\/nl\\\/wp-content\\\/uploads\\\/2014\\\/12\\\/geert-wilders-minder-200.jpg\",\"width\":200,\"height\":150},{\"@type\":\"BreadcrumbList\",\"@id\":\"https:\\\/\\\/www.debatrix.com\\\/nl\\\/2014\\\/12\\\/retorische-analyse-minder-minder-minder-speech-geert-wilders\\\/#breadcrumb\",\"itemListElement\":[{\"@type\":\"ListItem\",\"position\":1,\"name\":\"Home\",\"item\":\"https:\\\/\\\/www.debatrix.com\\\/nl\\\/home\\\/\"},{\"@type\":\"ListItem\",\"position\":2,\"name\":\"Retorische analyse: &#8220;Minder, minder, minder&#8221;-speech Geert Wilders\"}]},{\"@type\":\"WebSite\",\"@id\":\"https:\\\/\\\/www.debatrix.com\\\/nl\\\/#website\",\"url\":\"https:\\\/\\\/www.debatrix.com\\\/nl\\\/\",\"name\":\"Debatrix\u00ae Vergroot je overtuigingskracht!\",\"description\":\"Alles over overtuigingskracht, presenteren, training en coaching\",\"potentialAction\":[{\"@type\":\"SearchAction\",\"target\":{\"@type\":\"EntryPoint\",\"urlTemplate\":\"https:\\\/\\\/www.debatrix.com\\\/nl\\\/?s={search_term_string}\"},\"query-input\":{\"@type\":\"PropertyValueSpecification\",\"valueRequired\":true,\"valueName\":\"search_term_string\"}}],\"inLanguage\":\"nl-NL\"},{\"@type\":\"Person\",\"@id\":\"https:\\\/\\\/www.debatrix.com\\\/nl\\\/#\\\/schema\\\/person\\\/87ca992f0fe5754b11217905f54054b9\",\"name\":\"Lars Duursma\",\"description\":\"Lars Duursma is oprichter van Debatrix. Hij coacht leiders in politiek en bedrijfsleven en geeft inspirerende lezingen door heel Europa. Lars is columnist en bekend van zijn analyses voor NRC Handelsblad, de Volkskrant, NOS, RTL Nieuws, Editie NL, BNR, VRT en Jinek.\",\"sameAs\":[\"https:\\\/\\\/www.debatrix.com\\\/nl\\\/organisatie\\\/wie-we-zijn\\\/lars-duursma\\\/\"],\"url\":\"https:\\\/\\\/www.debatrix.com\\\/nl\\\/author\\\/lars\\\/\"}]}<\/script>\n<!-- \/ Yoast SEO Premium plugin. -->","yoast_head_json":{"title":"Retorische analyse: \"Minder, minder, minder\"-speech Geert Wilders - Debatrix","robots":{"index":"index","follow":"follow","max-snippet":"max-snippet:-1","max-image-preview":"max-image-preview:large","max-video-preview":"max-video-preview:-1"},"canonical":"https:\/\/www.debatrix.com\/nl\/2014\/12\/retorische-analyse-minder-minder-minder-speech-geert-wilders\/","og_locale":"nl_NL","og_type":"article","og_title":"Retorische analyse: \"Minder, minder, minder\"-speech Geert Wilders","og_description":"&#8220;Willen jullie in deze stad en in Nederland m\u00e9\u00e9r of minder Marokkanen?&#8221; &#8220;Minder, minder, minder!\u201d scandeert het publiek. Het fragment staat direct op je netvlies gebrand: hier gebeurde iets bijzonders. En dat terwijl Geert Wilders dezelfde techniek gebruikt waarmee Trijntje Oosterhuis straks het Eurovisie Songfestival hoopt te winnen.","og_url":"https:\/\/www.debatrix.com\/nl\/2014\/12\/retorische-analyse-minder-minder-minder-speech-geert-wilders\/","og_site_name":"Debatrix\u00ae Vergroot je overtuigingskracht!","article_published_time":"2014-12-31T09:01:39+00:00","article_modified_time":"2017-03-27T12:49:36+00:00","og_image":[{"width":2560,"height":2076,"url":"https:\/\/www.debatrix.com\/nl\/wp-content\/uploads\/2021\/11\/Standaard-foto-OTs.png","type":"image\/png"}],"author":"Lars Duursma","twitter_card":"summary_large_image","twitter_misc":{"Geschreven door":"Lars Duursma","Geschatte leestijd":"2 minuten"},"schema":{"@context":"https:\/\/schema.org","@graph":[{"@type":"Article","@id":"https:\/\/www.debatrix.com\/nl\/2014\/12\/retorische-analyse-minder-minder-minder-speech-geert-wilders\/#article","isPartOf":{"@id":"https:\/\/www.debatrix.com\/nl\/2014\/12\/retorische-analyse-minder-minder-minder-speech-geert-wilders\/"},"author":{"name":"Lars Duursma","@id":"https:\/\/www.debatrix.com\/nl\/#\/schema\/person\/87ca992f0fe5754b11217905f54054b9"},"headline":"Retorische analyse: &#8220;Minder, minder, minder&#8221;-speech Geert Wilders","datePublished":"2014-12-31T09:01:39+00:00","dateModified":"2017-03-27T12:49:36+00:00","mainEntityOfPage":{"@id":"https:\/\/www.debatrix.com\/nl\/2014\/12\/retorische-analyse-minder-minder-minder-speech-geert-wilders\/"},"wordCount":442,"commentCount":1,"image":{"@id":"https:\/\/www.debatrix.com\/nl\/2014\/12\/retorische-analyse-minder-minder-minder-speech-geert-wilders\/#primaryimage"},"thumbnailUrl":"https:\/\/www.debatrix.com\/nl\/wp-content\/uploads\/2014\/12\/geert-wilders-minder-200.jpg","keywords":["Geert Wilders","minder","presentatiestructuren","saamhorigheid","spanningsbogen","speech","speechen","speechwriting","zaalinteractie"],"articleSection":["Publicaties"],"inLanguage":"nl-NL","potentialAction":[{"@type":"CommentAction","name":"Comment","target":["https:\/\/www.debatrix.com\/nl\/2014\/12\/retorische-analyse-minder-minder-minder-speech-geert-wilders\/#respond"]}]},{"@type":"WebPage","@id":"https:\/\/www.debatrix.com\/nl\/2014\/12\/retorische-analyse-minder-minder-minder-speech-geert-wilders\/","url":"https:\/\/www.debatrix.com\/nl\/2014\/12\/retorische-analyse-minder-minder-minder-speech-geert-wilders\/","name":"Retorische analyse: \"Minder, minder, minder\"-speech Geert Wilders - Debatrix","isPartOf":{"@id":"https:\/\/www.debatrix.com\/nl\/#website"},"primaryImageOfPage":{"@id":"https:\/\/www.debatrix.com\/nl\/2014\/12\/retorische-analyse-minder-minder-minder-speech-geert-wilders\/#primaryimage"},"image":{"@id":"https:\/\/www.debatrix.com\/nl\/2014\/12\/retorische-analyse-minder-minder-minder-speech-geert-wilders\/#primaryimage"},"thumbnailUrl":"https:\/\/www.debatrix.com\/nl\/wp-content\/uploads\/2014\/12\/geert-wilders-minder-200.jpg","datePublished":"2014-12-31T09:01:39+00:00","dateModified":"2017-03-27T12:49:36+00:00","author":{"@id":"https:\/\/www.debatrix.com\/nl\/#\/schema\/person\/87ca992f0fe5754b11217905f54054b9"},"breadcrumb":{"@id":"https:\/\/www.debatrix.com\/nl\/2014\/12\/retorische-analyse-minder-minder-minder-speech-geert-wilders\/#breadcrumb"},"inLanguage":"nl-NL","potentialAction":[{"@type":"ReadAction","target":["https:\/\/www.debatrix.com\/nl\/2014\/12\/retorische-analyse-minder-minder-minder-speech-geert-wilders\/"]}]},{"@type":"ImageObject","inLanguage":"nl-NL","@id":"https:\/\/www.debatrix.com\/nl\/2014\/12\/retorische-analyse-minder-minder-minder-speech-geert-wilders\/#primaryimage","url":"https:\/\/www.debatrix.com\/nl\/wp-content\/uploads\/2014\/12\/geert-wilders-minder-200.jpg","contentUrl":"https:\/\/www.debatrix.com\/nl\/wp-content\/uploads\/2014\/12\/geert-wilders-minder-200.jpg","width":200,"height":150},{"@type":"BreadcrumbList","@id":"https:\/\/www.debatrix.com\/nl\/2014\/12\/retorische-analyse-minder-minder-minder-speech-geert-wilders\/#breadcrumb","itemListElement":[{"@type":"ListItem","position":1,"name":"Home","item":"https:\/\/www.debatrix.com\/nl\/home\/"},{"@type":"ListItem","position":2,"name":"Retorische analyse: &#8220;Minder, minder, minder&#8221;-speech Geert Wilders"}]},{"@type":"WebSite","@id":"https:\/\/www.debatrix.com\/nl\/#website","url":"https:\/\/www.debatrix.com\/nl\/","name":"Debatrix\u00ae Vergroot je overtuigingskracht!","description":"Alles over overtuigingskracht, presenteren, training en coaching","potentialAction":[{"@type":"SearchAction","target":{"@type":"EntryPoint","urlTemplate":"https:\/\/www.debatrix.com\/nl\/?s={search_term_string}"},"query-input":{"@type":"PropertyValueSpecification","valueRequired":true,"valueName":"search_term_string"}}],"inLanguage":"nl-NL"},{"@type":"Person","@id":"https:\/\/www.debatrix.com\/nl\/#\/schema\/person\/87ca992f0fe5754b11217905f54054b9","name":"Lars Duursma","description":"Lars Duursma is oprichter van Debatrix. Hij coacht leiders in politiek en bedrijfsleven en geeft inspirerende lezingen door heel Europa. Lars is columnist en bekend van zijn analyses voor NRC Handelsblad, de Volkskrant, NOS, RTL Nieuws, Editie NL, BNR, VRT en Jinek.","sameAs":["https:\/\/www.debatrix.com\/nl\/organisatie\/wie-we-zijn\/lars-duursma\/"],"url":"https:\/\/www.debatrix.com\/nl\/author\/lars\/"}]}},"_links":{"self":[{"href":"https:\/\/www.debatrix.com\/nl\/wp-json\/wp\/v2\/posts\/15892","targetHints":{"allow":["GET"]}}],"collection":[{"href":"https:\/\/www.debatrix.com\/nl\/wp-json\/wp\/v2\/posts"}],"about":[{"href":"https:\/\/www.debatrix.com\/nl\/wp-json\/wp\/v2\/types\/post"}],"author":[{"embeddable":true,"href":"https:\/\/www.debatrix.com\/nl\/wp-json\/wp\/v2\/users\/9"}],"replies":[{"embeddable":true,"href":"https:\/\/www.debatrix.com\/nl\/wp-json\/wp\/v2\/comments?post=15892"}],"version-history":[{"count":0,"href":"https:\/\/www.debatrix.com\/nl\/wp-json\/wp\/v2\/posts\/15892\/revisions"}],"wp:attachment":[{"href":"https:\/\/www.debatrix.com\/nl\/wp-json\/wp\/v2\/media?parent=15892"}],"wp:term":[{"taxonomy":"category","embeddable":true,"href":"https:\/\/www.debatrix.com\/nl\/wp-json\/wp\/v2\/categories?post=15892"},{"taxonomy":"post_tag","embeddable":true,"href":"https:\/\/www.debatrix.com\/nl\/wp-json\/wp\/v2\/tags?post=15892"}],"curies":[{"name":"wp","href":"https:\/\/api.w.org\/{rel}","templated":true}]}}